{"id":9038,"date":"2023-03-10T10:14:00","date_gmt":"2023-03-10T10:14:00","guid":{"rendered":"https:\/\/www.wegneronline.com\/blog\/2023\/03\/10\/jabra-evolve2-mutet-nicht-mehr-mit-hochgeklapptem-mikrofonarm\/"},"modified":"2024-02-22T08:39:28","modified_gmt":"2024-02-22T07:39:28","slug":"jabra-evolve2-mutet-nicht-mehr-mit-hochgeklapptem-mikrofonarm","status":"publish","type":"post","link":"https:\/\/www.wegneronline.com\/blog\/2023\/03\/10\/jabra-evolve2-mutet-nicht-mehr-mit-hochgeklapptem-mikrofonarm\/","title":{"rendered":"Jabra Evolve2 mutet nicht mehr mit hochgeklapptem Mikrofonarm"},"content":{"rendered":"\n<p>Ein tolles Feature meines <a href=\"https:\/\/www.jabra.com.de\/supportpages\/jabra-evolve2-75\/27599-999-899\/faq\/how-do-i-use-my-microsoft-teams-certified-device-to-interact-with-microsoft-teams\">Jabra Evolve2 75 Headsets<\/a> ist, dass man den Mikrofonarm hochklappen kann und damit das Mikrofon in Microsoft Teams gemutet wird. Also: Mikrofon eingeklappt, Mute aktiviert. Mikrofon runtergeklappt, Mute deaktiviert. Gerade wenn man nicht jedes Mal mit der Maus herumfuchteln will oder gerade w\u00e4hrend eines Meetings am Herumlaufen ist, ist das eine tolle Sache.&nbsp;<\/p>\n\n\n\n<p>Ich hatte nun das Problem, dass das irgendwann nicht mehr funktioniert hat &#8211; egal was ich mit Jabra Direct und Co. eingestellt hatte.<\/p>\n\n\n\n<!--more-->\n\n\n\n<p>Des R\u00e4tsels L\u00f6sung habe ich dann <a href=\"https:\/\/www.reddit.com\/r\/Jabra\/comments\/pgh4rp\/comment\/idexyv1\/?utm_source=reddit&amp;utm_medium=web2x&amp;context=3\">in diesem Reddit-Post<\/a> gefunden: In Microsoft Teams verstellt sich gerne mal das &#8222;Audioger\u00e4t&#8220; unter &#8222;Ger\u00e4teeinstellungen&#8220;, z.B. wenn man manuell mal ein anderes Mikrofon oder eine andere Ausgabe (beispielsweise Laptoplautsprecher) ausw\u00e4hlt. Das passiert schnell mal, wenn man das Headset ausschaltet, den &#8222;Jabra Link&#8220;-Adapter im Ger\u00e4t stecken l\u00e4sst, und aber trotzdem ein Meeting \u00fcber die Laptoplautsprecher h\u00f6ren will.&nbsp;<\/p>\n\n\n\n<p>Der Clou ist nun: Wenn man die Lautsprecher und Mikrofon zwar wieder auf &#8222;Jabra Link&#8220; umstellt, ist das &#8222;Audioger\u00e4t&#8220; trotzdem als &#8222;Benutzerdefiniert&#8220; hinterlegt:<\/p>\n\n\n\n<figure class=\"wp-block-image\"><img decoding=\"async\" src=\"\/blog\/wp-content\/uploads\/jabra_evolve2_1.png\" alt=\"Ansicht von Microsoft Teams mit falschen Einstellungen\"\/><\/figure>\n\n\n\n<p><a class=\"serendipity_image_link\" href=\"\/blog\/wp-content\/uploads\/jabra_evolve2_1.png\" onclick=\"F1 = window.open('\/blog\/wp-content\/uploads\/jabra_evolve2_1.png','Zoom','height=326,width=303,top=564.5,left=1576,toolbar=no,menubar=no,location=no,resize=1,resizable=1,scrollbars=yes'); return false;\"><!-- s9ymdb:40 --><\/a><\/p>\n\n\n\n<p>Nur, wenn unter &#8222;Audioger\u00e4te&#8220; auch &#8222;Jabra Link&#8220; statt &#8222;Benutzerdefiniert&#8220; ausgew\u00e4hlt ist, funktionieren die Microsoft-Teams-Funktionen des Headsets korrekt:<\/p>\n\n\n\n<figure class=\"wp-block-image\"><img decoding=\"async\" src=\"\/blog\/wp-content\/uploads\/jabra_evolve2_2.png\" alt=\"\"\/><\/figure>\n\n\n\n<p><a class=\"serendipity_image_link\" href=\"\/blog\/wp-content\/uploads\/jabra_evolve2_2.png\" onclick=\"F1 = window.open('\/blog\/wp-content\/uploads\/jabra_evolve2_2.png','Zoom','height=325,width=299,top=565,left=1578,toolbar=no,menubar=no,location=no,resize=1,resizable=1,scrollbars=yes'); return false;\"><!-- s9ymdb:41 --><\/a><\/p>\n\n\n\n<p>F\u00fcr mich ist das ein Bug, aber es ist wohl ein gew\u00fcnschtes Verhalten.&nbsp;<\/p>\n","protected":false},"excerpt":{"rendered":"<p>Ein tolles Feature meines Jabra Evolve2 75 Headsets ist, dass man den Mikrofonarm hochklappen kann und damit das Mikrofon in Microsoft Teams gemutet wird. Also: Mikrofon eingeklappt, Mute aktiviert. Mikrofon runtergeklappt, Mute deaktiviert. Gerade wenn man nicht jedes Mal mit der Maus herumfuchteln will oder gerade w\u00e4hrend eines Meetings am Herumlaufen ist, ist das eine &hellip; <a href=\"https:\/\/www.wegneronline.com\/blog\/2023\/03\/10\/jabra-evolve2-mutet-nicht-mehr-mit-hochgeklapptem-mikrofonarm\/\" class=\"more-link\"><span class=\"screen-reader-text\">Jabra Evolve2 mutet nicht mehr mit hochgeklapptem Mikrofonarm<\/span> weiterlesen<\/a><\/p>\n","protected":false},"author":1,"featured_media":0,"comment_status":"open","ping_status":"open","sticky":false,"template":"","format":"standard","meta":{"footnotes":""},"categories":[6],"tags":[],"class_list":["post-9038","post","type-post","status-publish","format-standard","hentry","category-5-informatik"],"_links":{"self":[{"href":"https:\/\/www.wegneronline.com\/blog\/wp-json\/wp\/v2\/posts\/9038","targetHints":{"allow":["GET"]}}],"collection":[{"href":"https:\/\/www.wegneronline.com\/blog\/wp-json\/wp\/v2\/posts"}],"about":[{"href":"https:\/\/www.wegneronline.com\/blog\/wp-json\/wp\/v2\/types\/post"}],"author":[{"embeddable":true,"href":"https:\/\/www.wegneronline.com\/blog\/wp-json\/wp\/v2\/users\/1"}],"replies":[{"embeddable":true,"href":"https:\/\/www.wegneronline.com\/blog\/wp-json\/wp\/v2\/comments?post=9038"}],"version-history":[{"count":2,"href":"https:\/\/www.wegneronline.com\/blog\/wp-json\/wp\/v2\/posts\/9038\/revisions"}],"predecessor-version":[{"id":9136,"href":"https:\/\/www.wegneronline.com\/blog\/wp-json\/wp\/v2\/posts\/9038\/revisions\/9136"}],"wp:attachment":[{"href":"https:\/\/www.wegneronline.com\/blog\/wp-json\/wp\/v2\/media?parent=9038"}],"wp:term":[{"taxonomy":"category","embeddable":true,"href":"https:\/\/www.wegneronline.com\/blog\/wp-json\/wp\/v2\/categories?post=9038"},{"taxonomy":"post_tag","embeddable":true,"href":"https:\/\/www.wegneronline.com\/blog\/wp-json\/wp\/v2\/tags?post=9038"}],"curies":[{"name":"wp","href":"https:\/\/api.w.org\/{rel}","templated":true}]}}